{"id":2782,"date":"2024-03-28T18:11:15","date_gmt":"2024-03-28T16:11:15","guid":{"rendered":"https:\/\/semapro.es\/?p=2782"},"modified":"2024-07-18T21:31:44","modified_gmt":"2024-07-18T19:31:44","slug":"visitem-les-majors-fires-de-robotica-del-pais","status":"publish","type":"post","link":"https:\/\/semapro.es\/ca\/visitem-les-majors-fires-de-robotica-del-pais\/","title":{"rendered":"Visitem les majors fires de rob\u00f2tica del pa\u00eds"},"content":{"rendered":"<h2><b>Comencem per &#8220;Advanced Manufacturing Barcelona&#8221;<br \/>\n<\/b><\/h2>\n<p>&nbsp;<\/p>\n<p><span style=\"font-weight: 400;\">Al 2023 vam tenir l\u2019oportunitat d\u2019apropar-nos a les majors fires d&#8217;innovaci\u00f3 industrial del pa\u00eds. El 13 i 14 de septembre vam visitar Advanced Manufacturing Barcelona on vam poder veure las noves tecnologies del sector manufacturer. Vam descobrir les propostes m\u00e9s avantguardistes en maquinaria pel tractament de metalls, peces industrials, impressi\u00f3 3D, integraci\u00f3 industrial, externalitzaci\u00f3, enginyeria, materials, acabats superficials, assegurament de qualitat i proves de producte.<\/span><\/p>\n<p><img fetchpriority=\"high\" decoding=\"async\" class=\"alignnone wp-image-1567 size-medium\" src=\"https:\/\/semapro.es\/wp-content\/uploads\/2024\/03\/noticia-1-opcion-foto-1.2-300x220.jpeg\" alt=\"Explora el futur de la rob\u00f2tica a les fires organitzades per SEMAPRO SL. Coneix l\u00edders del sector i descobreix les innovacions que estan transformant el m\u00f3n rob\u00f2tic\" width=\"300\" height=\"220\" srcset=\"https:\/\/semapro.es\/wp-content\/uploads\/2024\/03\/noticia-1-opcion-foto-1.2-300x220.jpeg 300w, https:\/\/semapro.es\/wp-content\/uploads\/2024\/03\/noticia-1-opcion-foto-1.2-768x563.jpeg 768w, https:\/\/semapro.es\/wp-content\/uploads\/2024\/03\/noticia-1-opcion-foto-1.2.jpeg 1024w\" sizes=\"(max-width: 300px) 100vw, 300px\" \/>   <img decoding=\"async\" class=\"alignnone wp-image-1566 size-medium\" src=\"https:\/\/semapro.es\/wp-content\/uploads\/2024\/03\/noticia-1-opcion-foto-1.1-300x225.jpeg\" alt=\"Uneix-te a SEMAPRO SL a les fires de rob\u00f2tica m\u00e9s destacades. Descobreix solucions innovadores i connecta amb experts en tecnologia rob\u00f2tica en aquests esdeveniments imperdibles\" width=\"300\" height=\"225\" srcset=\"https:\/\/semapro.es\/wp-content\/uploads\/2024\/03\/noticia-1-opcion-foto-1.1-300x225.jpeg 300w, https:\/\/semapro.es\/wp-content\/uploads\/2024\/03\/noticia-1-opcion-foto-1.1-768x576.jpeg 768w, https:\/\/semapro.es\/wp-content\/uploads\/2024\/03\/noticia-1-opcion-foto-1.1.jpeg 1024w\" sizes=\"(max-width: 300px) 100vw, 300px\" \/><\/p>\n<h3><\/h3>\n<h2><b>Coneixem Metal Madrid<\/b><\/h2>\n<p>&nbsp;<\/p>\n<p><span style=\"font-weight: 400;\">El 15 i 16 de novembre ens desplacem a Metal Madrid. La fira forma part d\u2019 Advanced Manufacturing Madrid i \u00e9s reconeguda com el principal esdeveniment al camp de la fabricaci\u00f3, mecanitzat i processament de metalls. All\u00e0, vam tenir l\u2019 oportunitat d\u2019 establir moltes relacions comercials i de con\u00e8ixer diferents opcions per maximitzar la productivitat dels processos de producci\u00f3.<\/span><\/p>\n<p><img decoding=\"async\" class=\"alignnone wp-image-1565 size-medium\" src=\"https:\/\/semapro.es\/wp-content\/uploads\/2024\/03\/noticia-1-opcion-foto-3-300x225.jpeg\" alt=\"SEMAPRO SL us convida a les fires de rob\u00f2tica m\u00e9s importants de l'any. No et perdis les exhibicions i confer\u00e8ncies sobre els aven\u00e7os m\u00e9s recents a la ind\u00fastria rob\u00f2tica\" width=\"300\" height=\"225\" srcset=\"https:\/\/semapro.es\/wp-content\/uploads\/2024\/03\/noticia-1-opcion-foto-3-300x225.jpeg 300w, https:\/\/semapro.es\/wp-content\/uploads\/2024\/03\/noticia-1-opcion-foto-3-768x576.jpeg 768w, https:\/\/semapro.es\/wp-content\/uploads\/2024\/03\/noticia-1-opcion-foto-3.jpeg 1024w\" sizes=\"(max-width: 300px) 100vw, 300px\" \/>   <img loading=\"lazy\" decoding=\"async\" class=\"alignnone wp-image-1564 size-medium\" src=\"https:\/\/semapro.es\/wp-content\/uploads\/2024\/03\/noticia-1-opcion-foto-2.2-300x225.jpeg\" alt=\"Participa amb SEMAPRO SL a les fires de rob\u00f2tica i coneix les tend\u00e8ncies que estan revolucionant el sector. Esdeveniments imperdibles per a professionals i entusiastes de la tecnologia\" width=\"300\" height=\"225\" srcset=\"https:\/\/semapro.es\/wp-content\/uploads\/2024\/03\/noticia-1-opcion-foto-2.2-300x225.jpeg 300w, https:\/\/semapro.es\/wp-content\/uploads\/2024\/03\/noticia-1-opcion-foto-2.2-768x576.jpeg 768w, https:\/\/semapro.es\/wp-content\/uploads\/2024\/03\/noticia-1-opcion-foto-2.2.jpeg 1024w\" sizes=\"(max-width: 300px) 100vw, 300px\" \/><\/p>\n<p><span style=\"font-weight: 400;\">Tot i que encara no hem tingut la possibilitat de tenir el nostre propi stand a cap d\u2019elles, Tot i que encara no hem tingut la possibilitat de tenir el nostre propi stand a cap d\u2019elles, des de <a href=\"https:\/\/www.google.es\/maps\/place\/SEMAPRO+%E2%80%93+Servicio+y+Mantenimiento+para+Rob%C3%B3tica,+S.L.\/@41.3525939,2.0802459,17z\/data=!3m1!4b1!4m6!3m5!1s0x12a499529273a9df:0xd4b1466f9dae4af0!8m2!3d41.3525899!4d2.0828208!16s%2Fg%2F11g18tq206?hl=es&amp;entry=ttu\" target=\"_blank\" rel=\"noopener\">SEMAPRO<\/a> creiem essencial estar al corrent \u00e0 les \u00faltimes tecnologies en rob\u00f2tica industrial i poder con\u00e8ixer als nostres companys de sector. Estem plenament conven\u00e7uts de que la uni\u00f3 potencia les nostres capacitats i que tots tenim alguna cosa valuosa a oferir. Per aquest motiu \u00e9s fonamental participar en aquest tipus d\u2019 esdeveniments.<\/span><\/p>\n<p><img loading=\"lazy\" decoding=\"async\" class=\"alignnone wp-image-1563 size-full\" src=\"https:\/\/semapro.es\/wp-content\/uploads\/2024\/03\/noticia-1-opcion-foto-2.1-1.jpeg\" alt=\"Descobreix les darreres innovacions a les fires de rob\u00f2tica amb SEMAPRO SL. Uneix-te a nosaltres per explorar tecnologia d'avantguarda i oportunitats \u00faniques al m\u00f3n de la rob\u00f2tica\" width=\"828\" height=\"529\" srcset=\"https:\/\/semapro.es\/wp-content\/uploads\/2024\/03\/noticia-1-opcion-foto-2.1-1.jpeg 828w, https:\/\/semapro.es\/wp-content\/uploads\/2024\/03\/noticia-1-opcion-foto-2.1-1-300x192.jpeg 300w, https:\/\/semapro.es\/wp-content\/uploads\/2024\/03\/noticia-1-opcion-foto-2.1-1-768x491.jpeg 768w\" sizes=\"(max-width: 828px) 100vw, 828px\" \/><\/p>\n","protected":false},"excerpt":{"rendered":"<p>Comencem per &#8220;Advanced Manufacturing Barcelona&#8221; &nbsp; Al 2023 vam tenir l\u2019oportunitat d\u2019apropar-nos a les majors fires d&#8217;innovaci\u00f3 industrial del pa\u00eds. El 13 i 14 de septembre vam visitar Advanced Manufacturing Barcelona on vam poder veure las noves tecnologies del sector manufacturer. Vam descobrir les propostes m\u00e9s avantguardistes en maquinaria pel tractament de metalls, peces industrials, [&hellip;]<\/p>\n","protected":false},"author":1,"featured_media":2704,"comment_status":"closed","ping_status":"open","sticky":false,"template":"","format":"standard","meta":{"_acf_changed":false,"site-sidebar-layout":"default","site-content-layout":"","ast-site-content-layout":"default","site-content-style":"default","site-sidebar-style":"default","ast-global-header-display":"","ast-banner-title-visibility":"","ast-main-header-display":"","ast-hfb-above-header-display":"","ast-hfb-below-header-display":"","ast-hfb-mobile-header-display":"","site-post-title":"","ast-breadcrumbs-content":"","ast-featured-img":"","footer-sml-layout":"","theme-transparent-header-meta":"default","adv-header-id-meta":"","stick-header-meta":"","header-above-stick-meta":"","header-main-stick-meta":"","header-below-stick-meta":"","astra-migrate-meta-layouts":"set","ast-page-background-enabled":"default","ast-page-background-meta":{"desktop":{"background-color":"var(--ast-global-color-4)","background-image":"","background-repeat":"repeat","background-position":"center center","background-size":"auto","background-attachment":"scroll","background-type":"","background-media":"","overlay-type":"","overlay-color":"","overlay-opacity":"","overlay-gradient":""},"tablet":{"background-color":"","background-image":"","background-repeat":"repeat","background-position":"center center","background-size":"auto","background-attachment":"scroll","background-type":"","background-media":"","overlay-type":"","overlay-color":"","overlay-opacity":"","overlay-gradient":""},"mobile":{"background-color":"","background-image":"","background-repeat":"repeat","background-position":"center center","background-size":"auto","background-attachment":"scroll","background-type":"","background-media":"","overlay-type":"","overlay-color":"","overlay-opacity":"","overlay-gradient":""}},"ast-content-background-meta":{"desktop":{"background-color":"var(--ast-global-color-5)","background-image":"","background-repeat":"repeat","background-position":"center center","background-size":"auto","background-attachment":"scroll","background-type":"","background-media":"","overlay-type":"","overlay-color":"","overlay-opacity":"","overlay-gradient":""},"tablet":{"background-color":"var(--ast-global-color-5)","background-image":"","background-repeat":"repeat","background-position":"center center","background-size":"auto","background-attachment":"scroll","background-type":"","background-media":"","overlay-type":"","overlay-color":"","overlay-opacity":"","overlay-gradient":""},"mobile":{"background-color":"var(--ast-global-color-5)","background-image":"","background-repeat":"repeat","background-position":"center center","background-size":"auto","background-attachment":"scroll","background-type":"","background-media":"","overlay-type":"","overlay-color":"","overlay-opacity":"","overlay-gradient":""}},"_joinchat":[],"footnotes":""},"categories":[23],"tags":[],"class_list":["post-2782","post","type-post","status-publish","format-standard","has-post-thumbnail","hentry","category-noticies"],"acf":[],"yoast_head":"<!-- This site is optimized with the Yoast SEO Premium plugin v22.6 (Yoast SEO v26.1.1) - https:\/\/yoast.com\/wordpress\/plugins\/seo\/ -->\n<title>Visitem les majors fires de rob\u00f2tica del pa\u00eds \u2705 del pa\u00eds &#187; SEMAPRO | Rob\u00f3tica industrial, cobots y automatizaci\u00f3n \u00ae\ufe0f<\/title>\n<meta name=\"description\" content=\"Aquest any 2023 hem tingut l&#039;oportunitat d&#039;apropar-nos a les fires m\u00e9s grans de rob\u00f2tica i innovaci\u00f3 industrial del pa\u00eds.\" \/>\n<meta name=\"robots\" content=\"index, follow, max-snippet:-1, max-image-preview:large, max-video-preview:-1\" \/>\n<link rel=\"canonical\" href=\"https:\/\/semapro.es\/ca\/visitem-les-majors-fires-de-robotica-del-pais\/\" \/>\n<meta property=\"og:locale\" content=\"ca_ES\" \/>\n<meta property=\"og:type\" content=\"article\" \/>\n<meta property=\"og:title\" content=\"Visitem les majors fires de rob\u00f2tica del pa\u00eds\" \/>\n<meta property=\"og:description\" content=\"Aquest any 2023 hem tingut l&#039;oportunitat d&#039;apropar-nos a les fires m\u00e9s grans de rob\u00f2tica i innovaci\u00f3 industrial del pa\u00eds.\" \/>\n<meta property=\"og:url\" content=\"https:\/\/semapro.es\/ca\/visitem-les-majors-fires-de-robotica-del-pais\/\" \/>\n<meta property=\"og:site_name\" content=\"SEMAPRO | Rob\u00f3tica industrial, cobots y automatizaci\u00f3n\" \/>\n<meta property=\"article:published_time\" content=\"2024-03-28T16:11:15+00:00\" \/>\n<meta property=\"article:modified_time\" content=\"2024-07-18T19:31:44+00:00\" \/>\n<meta property=\"og:image\" content=\"https:\/\/semapro.es\/wp-content\/uploads\/2024\/03\/noticia-1-opcion-foto-1.2-1.jpeg\" \/>\n\t<meta property=\"og:image:width\" content=\"1024\" \/>\n\t<meta property=\"og:image:height\" content=\"751\" \/>\n\t<meta property=\"og:image:type\" content=\"image\/jpeg\" \/>\n<meta name=\"author\" content=\"admin\" \/>\n<meta name=\"twitter:card\" content=\"summary_large_image\" \/>\n<meta name=\"twitter:label1\" content=\"Escrit per\" \/>\n\t<meta name=\"twitter:data1\" content=\"admin\" \/>\n\t<meta name=\"twitter:label2\" content=\"Temps estimat de lectura\" \/>\n\t<meta name=\"twitter:data2\" content=\"3 minuts\" \/>\n<script type=\"application\/ld+json\" class=\"yoast-schema-graph\">{\"@context\":\"https:\/\/schema.org\",\"@graph\":[{\"@type\":\"Article\",\"@id\":\"https:\/\/semapro.es\/ca\/visitem-les-majors-fires-de-robotica-del-pais\/#article\",\"isPartOf\":{\"@id\":\"https:\/\/semapro.es\/ca\/visitem-les-majors-fires-de-robotica-del-pais\/\"},\"author\":{\"name\":\"admin\",\"@id\":\"https:\/\/semapro.es\/ca\/#\/schema\/person\/444ee224f2caca3a647ed20b6d035a48\"},\"headline\":\"Visitem les majors fires de rob\u00f2tica del pa\u00eds\",\"datePublished\":\"2024-03-28T16:11:15+00:00\",\"dateModified\":\"2024-07-18T19:31:44+00:00\",\"mainEntityOfPage\":{\"@id\":\"https:\/\/semapro.es\/ca\/visitem-les-majors-fires-de-robotica-del-pais\/\"},\"wordCount\":239,\"publisher\":{\"@id\":\"https:\/\/semapro.es\/ca\/#organization\"},\"image\":{\"@id\":\"https:\/\/semapro.es\/ca\/visitem-les-majors-fires-de-robotica-del-pais\/#primaryimage\"},\"thumbnailUrl\":\"https:\/\/semapro.es\/wp-content\/uploads\/2024\/03\/noticia-1-opcion-foto-1.2-1.jpeg\",\"articleSection\":[\"Noticies\"],\"inLanguage\":\"ca\"},{\"@type\":\"WebPage\",\"@id\":\"https:\/\/semapro.es\/ca\/visitem-les-majors-fires-de-robotica-del-pais\/\",\"url\":\"https:\/\/semapro.es\/ca\/visitem-les-majors-fires-de-robotica-del-pais\/\",\"name\":\"Visitem les majors fires de rob\u00f2tica del pa\u00eds \u2705 del pa\u00eds &#187; SEMAPRO | Rob\u00f3tica industrial, cobots y automatizaci\u00f3n \u00ae\ufe0f\",\"isPartOf\":{\"@id\":\"https:\/\/semapro.es\/ca\/#website\"},\"primaryImageOfPage\":{\"@id\":\"https:\/\/semapro.es\/ca\/visitem-les-majors-fires-de-robotica-del-pais\/#primaryimage\"},\"image\":{\"@id\":\"https:\/\/semapro.es\/ca\/visitem-les-majors-fires-de-robotica-del-pais\/#primaryimage\"},\"thumbnailUrl\":\"https:\/\/semapro.es\/wp-content\/uploads\/2024\/03\/noticia-1-opcion-foto-1.2-1.jpeg\",\"datePublished\":\"2024-03-28T16:11:15+00:00\",\"dateModified\":\"2024-07-18T19:31:44+00:00\",\"description\":\"Aquest any 2023 hem tingut l'oportunitat d'apropar-nos a les fires m\u00e9s grans de rob\u00f2tica i innovaci\u00f3 industrial del pa\u00eds.\",\"breadcrumb\":{\"@id\":\"https:\/\/semapro.es\/ca\/visitem-les-majors-fires-de-robotica-del-pais\/#breadcrumb\"},\"inLanguage\":\"ca\",\"potentialAction\":[{\"@type\":\"ReadAction\",\"target\":[\"https:\/\/semapro.es\/ca\/visitem-les-majors-fires-de-robotica-del-pais\/\"]}]},{\"@type\":\"ImageObject\",\"inLanguage\":\"ca\",\"@id\":\"https:\/\/semapro.es\/ca\/visitem-les-majors-fires-de-robotica-del-pais\/#primaryimage\",\"url\":\"https:\/\/semapro.es\/wp-content\/uploads\/2024\/03\/noticia-1-opcion-foto-1.2-1.jpeg\",\"contentUrl\":\"https:\/\/semapro.es\/wp-content\/uploads\/2024\/03\/noticia-1-opcion-foto-1.2-1.jpeg\",\"width\":1024,\"height\":751,\"caption\":\"Feria de Automatizaci\u00f3n en Tecnolog\u00eda Industrial\"},{\"@type\":\"BreadcrumbList\",\"@id\":\"https:\/\/semapro.es\/ca\/visitem-les-majors-fires-de-robotica-del-pais\/#breadcrumb\",\"itemListElement\":[{\"@type\":\"ListItem\",\"position\":1,\"name\":\"Portada\",\"item\":\"https:\/\/semapro.es\/ca\/\"},{\"@type\":\"ListItem\",\"position\":2,\"name\":\"Visitem les majors fires de rob\u00f2tica del pa\u00eds\"}]},{\"@type\":\"WebSite\",\"@id\":\"https:\/\/semapro.es\/ca\/#website\",\"url\":\"https:\/\/semapro.es\/ca\/\",\"name\":\"Semapro\",\"description\":\"Soluciones en rob\u00f3tica industrial y cobots. Nos encargamos de todo: instalaci\u00f3n, reparaci\u00f3n, mantenimiento y m\u00e1s.\",\"publisher\":{\"@id\":\"https:\/\/semapro.es\/ca\/#organization\"},\"potentialAction\":[{\"@type\":\"SearchAction\",\"target\":{\"@type\":\"EntryPoint\",\"urlTemplate\":\"https:\/\/semapro.es\/ca\/?s={search_term_string}\"},\"query-input\":{\"@type\":\"PropertyValueSpecification\",\"valueRequired\":true,\"valueName\":\"search_term_string\"}}],\"inLanguage\":\"ca\"},{\"@type\":\"Organization\",\"@id\":\"https:\/\/semapro.es\/ca\/#organization\",\"name\":\"Semapro\",\"url\":\"https:\/\/semapro.es\/ca\/\",\"logo\":{\"@type\":\"ImageObject\",\"inLanguage\":\"ca\",\"@id\":\"https:\/\/semapro.es\/ca\/#\/schema\/logo\/image\/\",\"url\":\"https:\/\/semapro.es\/wp-content\/uploads\/2024\/01\/LOGO-FOOTER-REAL-scaled.png\",\"contentUrl\":\"https:\/\/semapro.es\/wp-content\/uploads\/2024\/01\/LOGO-FOOTER-REAL-scaled.png\",\"width\":3184,\"height\":572,\"caption\":\"Semapro\"},\"image\":{\"@id\":\"https:\/\/semapro.es\/ca\/#\/schema\/logo\/image\/\"}},{\"@type\":\"Person\",\"@id\":\"https:\/\/semapro.es\/ca\/#\/schema\/person\/444ee224f2caca3a647ed20b6d035a48\",\"name\":\"admin\",\"image\":{\"@type\":\"ImageObject\",\"inLanguage\":\"ca\",\"@id\":\"https:\/\/semapro.es\/ca\/#\/schema\/person\/image\/\",\"url\":\"https:\/\/secure.gravatar.com\/avatar\/1d6b932b66f108d2fc416ae1d3634eda6640d14d9ffeb4482dfcfed6a0633727?s=96&d=mm&r=g\",\"contentUrl\":\"https:\/\/secure.gravatar.com\/avatar\/1d6b932b66f108d2fc416ae1d3634eda6640d14d9ffeb4482dfcfed6a0633727?s=96&d=mm&r=g\",\"caption\":\"admin\"},\"sameAs\":[\"https:\/\/semapro.es\"]}]}<\/script>\n<!-- \/ Yoast SEO Premium plugin. -->","yoast_head_json":{"title":"Visitem les majors fires de rob\u00f2tica del pa\u00eds \u2705 del pa\u00eds &#187; SEMAPRO | Rob\u00f3tica industrial, cobots y automatizaci\u00f3n \u00ae\ufe0f","description":"Aquest any 2023 hem tingut l'oportunitat d'apropar-nos a les fires m\u00e9s grans de rob\u00f2tica i innovaci\u00f3 industrial del pa\u00eds.","robots":{"index":"index","follow":"follow","max-snippet":"max-snippet:-1","max-image-preview":"max-image-preview:large","max-video-preview":"max-video-preview:-1"},"canonical":"https:\/\/semapro.es\/ca\/visitem-les-majors-fires-de-robotica-del-pais\/","og_locale":"ca_ES","og_type":"article","og_title":"Visitem les majors fires de rob\u00f2tica del pa\u00eds","og_description":"Aquest any 2023 hem tingut l'oportunitat d'apropar-nos a les fires m\u00e9s grans de rob\u00f2tica i innovaci\u00f3 industrial del pa\u00eds.","og_url":"https:\/\/semapro.es\/ca\/visitem-les-majors-fires-de-robotica-del-pais\/","og_site_name":"SEMAPRO | Rob\u00f3tica industrial, cobots y automatizaci\u00f3n","article_published_time":"2024-03-28T16:11:15+00:00","article_modified_time":"2024-07-18T19:31:44+00:00","og_image":[{"width":1024,"height":751,"url":"https:\/\/semapro.es\/wp-content\/uploads\/2024\/03\/noticia-1-opcion-foto-1.2-1.jpeg","type":"image\/jpeg"}],"author":"admin","twitter_card":"summary_large_image","twitter_misc":{"Escrit per":"admin","Temps estimat de lectura":"3 minuts"},"schema":{"@context":"https:\/\/schema.org","@graph":[{"@type":"Article","@id":"https:\/\/semapro.es\/ca\/visitem-les-majors-fires-de-robotica-del-pais\/#article","isPartOf":{"@id":"https:\/\/semapro.es\/ca\/visitem-les-majors-fires-de-robotica-del-pais\/"},"author":{"name":"admin","@id":"https:\/\/semapro.es\/ca\/#\/schema\/person\/444ee224f2caca3a647ed20b6d035a48"},"headline":"Visitem les majors fires de rob\u00f2tica del pa\u00eds","datePublished":"2024-03-28T16:11:15+00:00","dateModified":"2024-07-18T19:31:44+00:00","mainEntityOfPage":{"@id":"https:\/\/semapro.es\/ca\/visitem-les-majors-fires-de-robotica-del-pais\/"},"wordCount":239,"publisher":{"@id":"https:\/\/semapro.es\/ca\/#organization"},"image":{"@id":"https:\/\/semapro.es\/ca\/visitem-les-majors-fires-de-robotica-del-pais\/#primaryimage"},"thumbnailUrl":"https:\/\/semapro.es\/wp-content\/uploads\/2024\/03\/noticia-1-opcion-foto-1.2-1.jpeg","articleSection":["Noticies"],"inLanguage":"ca"},{"@type":"WebPage","@id":"https:\/\/semapro.es\/ca\/visitem-les-majors-fires-de-robotica-del-pais\/","url":"https:\/\/semapro.es\/ca\/visitem-les-majors-fires-de-robotica-del-pais\/","name":"Visitem les majors fires de rob\u00f2tica del pa\u00eds \u2705 del pa\u00eds &#187; SEMAPRO | Rob\u00f3tica industrial, cobots y automatizaci\u00f3n \u00ae\ufe0f","isPartOf":{"@id":"https:\/\/semapro.es\/ca\/#website"},"primaryImageOfPage":{"@id":"https:\/\/semapro.es\/ca\/visitem-les-majors-fires-de-robotica-del-pais\/#primaryimage"},"image":{"@id":"https:\/\/semapro.es\/ca\/visitem-les-majors-fires-de-robotica-del-pais\/#primaryimage"},"thumbnailUrl":"https:\/\/semapro.es\/wp-content\/uploads\/2024\/03\/noticia-1-opcion-foto-1.2-1.jpeg","datePublished":"2024-03-28T16:11:15+00:00","dateModified":"2024-07-18T19:31:44+00:00","description":"Aquest any 2023 hem tingut l'oportunitat d'apropar-nos a les fires m\u00e9s grans de rob\u00f2tica i innovaci\u00f3 industrial del pa\u00eds.","breadcrumb":{"@id":"https:\/\/semapro.es\/ca\/visitem-les-majors-fires-de-robotica-del-pais\/#breadcrumb"},"inLanguage":"ca","potentialAction":[{"@type":"ReadAction","target":["https:\/\/semapro.es\/ca\/visitem-les-majors-fires-de-robotica-del-pais\/"]}]},{"@type":"ImageObject","inLanguage":"ca","@id":"https:\/\/semapro.es\/ca\/visitem-les-majors-fires-de-robotica-del-pais\/#primaryimage","url":"https:\/\/semapro.es\/wp-content\/uploads\/2024\/03\/noticia-1-opcion-foto-1.2-1.jpeg","contentUrl":"https:\/\/semapro.es\/wp-content\/uploads\/2024\/03\/noticia-1-opcion-foto-1.2-1.jpeg","width":1024,"height":751,"caption":"Feria de Automatizaci\u00f3n en Tecnolog\u00eda Industrial"},{"@type":"BreadcrumbList","@id":"https:\/\/semapro.es\/ca\/visitem-les-majors-fires-de-robotica-del-pais\/#breadcrumb","itemListElement":[{"@type":"ListItem","position":1,"name":"Portada","item":"https:\/\/semapro.es\/ca\/"},{"@type":"ListItem","position":2,"name":"Visitem les majors fires de rob\u00f2tica del pa\u00eds"}]},{"@type":"WebSite","@id":"https:\/\/semapro.es\/ca\/#website","url":"https:\/\/semapro.es\/ca\/","name":"Semapro","description":"Soluciones en rob\u00f3tica industrial y cobots. Nos encargamos de todo: instalaci\u00f3n, reparaci\u00f3n, mantenimiento y m\u00e1s.","publisher":{"@id":"https:\/\/semapro.es\/ca\/#organization"},"potentialAction":[{"@type":"SearchAction","target":{"@type":"EntryPoint","urlTemplate":"https:\/\/semapro.es\/ca\/?s={search_term_string}"},"query-input":{"@type":"PropertyValueSpecification","valueRequired":true,"valueName":"search_term_string"}}],"inLanguage":"ca"},{"@type":"Organization","@id":"https:\/\/semapro.es\/ca\/#organization","name":"Semapro","url":"https:\/\/semapro.es\/ca\/","logo":{"@type":"ImageObject","inLanguage":"ca","@id":"https:\/\/semapro.es\/ca\/#\/schema\/logo\/image\/","url":"https:\/\/semapro.es\/wp-content\/uploads\/2024\/01\/LOGO-FOOTER-REAL-scaled.png","contentUrl":"https:\/\/semapro.es\/wp-content\/uploads\/2024\/01\/LOGO-FOOTER-REAL-scaled.png","width":3184,"height":572,"caption":"Semapro"},"image":{"@id":"https:\/\/semapro.es\/ca\/#\/schema\/logo\/image\/"}},{"@type":"Person","@id":"https:\/\/semapro.es\/ca\/#\/schema\/person\/444ee224f2caca3a647ed20b6d035a48","name":"admin","image":{"@type":"ImageObject","inLanguage":"ca","@id":"https:\/\/semapro.es\/ca\/#\/schema\/person\/image\/","url":"https:\/\/secure.gravatar.com\/avatar\/1d6b932b66f108d2fc416ae1d3634eda6640d14d9ffeb4482dfcfed6a0633727?s=96&d=mm&r=g","contentUrl":"https:\/\/secure.gravatar.com\/avatar\/1d6b932b66f108d2fc416ae1d3634eda6640d14d9ffeb4482dfcfed6a0633727?s=96&d=mm&r=g","caption":"admin"},"sameAs":["https:\/\/semapro.es"]}]}},"_links":{"self":[{"href":"https:\/\/semapro.es\/ca\/wp-json\/wp\/v2\/posts\/2782","targetHints":{"allow":["GET"]}}],"collection":[{"href":"https:\/\/semapro.es\/ca\/wp-json\/wp\/v2\/posts"}],"about":[{"href":"https:\/\/semapro.es\/ca\/wp-json\/wp\/v2\/types\/post"}],"author":[{"embeddable":true,"href":"https:\/\/semapro.es\/ca\/wp-json\/wp\/v2\/users\/1"}],"replies":[{"embeddable":true,"href":"https:\/\/semapro.es\/ca\/wp-json\/wp\/v2\/comments?post=2782"}],"version-history":[{"count":3,"href":"https:\/\/semapro.es\/ca\/wp-json\/wp\/v2\/posts\/2782\/revisions"}],"predecessor-version":[{"id":3437,"href":"https:\/\/semapro.es\/ca\/wp-json\/wp\/v2\/posts\/2782\/revisions\/3437"}],"wp:featuredmedia":[{"embeddable":true,"href":"https:\/\/semapro.es\/ca\/wp-json\/wp\/v2\/media\/2704"}],"wp:attachment":[{"href":"https:\/\/semapro.es\/ca\/wp-json\/wp\/v2\/media?parent=2782"}],"wp:term":[{"taxonomy":"category","embeddable":true,"href":"https:\/\/semapro.es\/ca\/wp-json\/wp\/v2\/categories?post=2782"},{"taxonomy":"post_tag","embeddable":true,"href":"https:\/\/semapro.es\/ca\/wp-json\/wp\/v2\/tags?post=2782"}],"curies":[{"name":"wp","href":"https:\/\/api.w.org\/{rel}","templated":true}]}}